{"id":38461,"date":"2024-01-06T07:51:03","date_gmt":"2024-01-06T06:51:03","guid":{"rendered":"https:\/\/www.myspecialdoctor.it\/uncategorized\/menieres-syndrome-dizziness-and-other-symptoms-causes-and-treatment\/"},"modified":"2024-01-06T07:51:03","modified_gmt":"2024-01-06T06:51:03","slug":"menieres-syndrome-dizziness-and-other-symptoms-causes-and-treatment","status":"publish","type":"post","link":"https:\/\/www.myspecialdoctor.it\/en\/general-medicine\/menieres-syndrome-dizziness-and-other-symptoms-causes-and-treatment\/","title":{"rendered":"M\u00e9ni\u00e8re&#8217;s syndrome: dizziness and other symptoms, causes and treatment"},"content":{"rendered":"<p>M\u00e9ni\u00e8re syndrome, named after the French physician Prosper M\u00e9ni\u00e8re first described it in 1861, is an inner ear disorder that affects balance and hearing; it is characterized by the appearance of<\/p>\n<ul>\n<li>severe dizziness,<\/li>\n<li>Tinnitus (ringing and\/or buzzing in the ear),<\/li>\n<li>Hearing loss and a feeling of fullness or congestion in the ear.<\/li>\n<\/ul>\n<p><a href=\"https:\/\/www.farmacoecura.it\/malattie\/sindrome-di-meniere-vertigini-ed-altri-sintomi-cause-e-cura\/\">Read more.<\/a><\/p>\n","protected":false},"excerpt":{"rendered":"<p>M\u00e9ni\u00e8re syndrome, named after the French physician Prosper M\u00e9ni\u00e8re first described it in 1861, is an inner ear disorder that &#8230; <a title=\"M\u00e9ni\u00e8re&#8217;s syndrome: dizziness and other symptoms, causes and treatment\" class=\"read-more\" href=\"https:\/\/www.myspecialdoctor.it\/en\/general-medicine\/menieres-syndrome-dizziness-and-other-symptoms-causes-and-treatment\/\" aria-label=\"Read more about M\u00e9ni\u00e8re&#8217;s syndrome: dizziness and other symptoms, causes and treatment\">Read more<\/a><\/p>\n","protected":false},"author":8782,"featured_media":24124,"comment_status":"open","ping_status":"open","sticky":false,"template":"","format":"standard","meta":{"_seopress_robots_primary_cat":"","_seopress_titles_title":"","_seopress_titles_desc":"","_seopress_robots_index":"","_coblocks_attr":"","_coblocks_dimensions":"","_coblocks_responsive_height":"","_coblocks_accordion_ie_support":"","pmpro_default_level":0,"footnotes":"","_wpscppro_custom_social_share_image":0,"_facebook_share_type":"","_twitter_share_type":"","_linkedin_share_type":"","_pinterest_share_type":"","_linkedin_share_type_page":"","_instagram_share_type":"","_medium_share_type":"","_threads_share_type":"","_selected_social_profile":[]},"categories":[1741],"tags":[2068,2070],"corpo":[1767],"table_tags":[],"class_list":["post-38461","post","type-post","status-publish","format-standard","has-post-thumbnail","hentry","category-general-medicine","tag-ears","tag-meniere-syndrome","corpo-ears-nose-throat","pmpro-has-access"],"acf":[],"_links":{"self":[{"href":"https:\/\/www.myspecialdoctor.it\/en\/wp-json\/wp\/v2\/posts\/38461"}],"collection":[{"href":"https:\/\/www.myspecialdoctor.it\/en\/wp-json\/wp\/v2\/posts"}],"about":[{"href":"https:\/\/www.myspecialdoctor.it\/en\/wp-json\/wp\/v2\/types\/post"}],"author":[{"embeddable":true,"href":"https:\/\/www.myspecialdoctor.it\/en\/wp-json\/wp\/v2\/users\/8782"}],"replies":[{"embeddable":true,"href":"https:\/\/www.myspecialdoctor.it\/en\/wp-json\/wp\/v2\/comments?post=38461"}],"version-history":[{"count":0,"href":"https:\/\/www.myspecialdoctor.it\/en\/wp-json\/wp\/v2\/posts\/38461\/revisions"}],"wp:featuredmedia":[{"embeddable":true,"href":"https:\/\/www.myspecialdoctor.it\/en\/wp-json\/wp\/v2\/media\/24124"}],"wp:attachment":[{"href":"https:\/\/www.myspecialdoctor.it\/en\/wp-json\/wp\/v2\/media?parent=38461"}],"wp:term":[{"taxonomy":"category","embeddable":true,"href":"https:\/\/www.myspecialdoctor.it\/en\/wp-json\/wp\/v2\/categories?post=38461"},{"taxonomy":"post_tag","embeddable":true,"href":"https:\/\/www.myspecialdoctor.it\/en\/wp-json\/wp\/v2\/tags?post=38461"},{"taxonomy":"corpo","embeddable":true,"href":"https:\/\/www.myspecialdoctor.it\/en\/wp-json\/wp\/v2\/corpo?post=38461"},{"taxonomy":"table_tags","embeddable":true,"href":"https:\/\/www.myspecialdoctor.it\/en\/wp-json\/wp\/v2\/table_tags?post=38461"}],"curies":[{"name":"wp","href":"https:\/\/api.w.org\/{rel}","templated":true}]}}